{"id":8614,"date":"2025-06-05T19:01:20","date_gmt":"2025-06-05T17:01:20","guid":{"rendered":"https:\/\/www.pipolcongres.eu\/?p=8614"},"modified":"2025-06-05T22:13:47","modified_gmt":"2025-06-05T20:13:47","slug":"il-padre-e-la-madre-vaporizzati-prima-parte-katty-langelez-stevens","status":"publish","type":"post","link":"https:\/\/www.pipolcongres.eu\/it\/2025\/06\/05\/il-padre-e-la-madre-vaporizzati-prima-parte-katty-langelez-stevens\/","title":{"rendered":"Il padre e la madre vaporizzati (Prima parte) &#8211; Katty Langelez-Stevens"},"content":{"rendered":"<div class=\"pf-content\"><p class=\"tm12\"><span class=\"tm13\">Alla fine del Congresso di PIPOL 11 sulla clinica e la critica del patriarcato, Jacques-Alain Miller impiega il termine di <a id=\"aHlk194911607\"><\/a>\u201c<a id=\"aHlk194912313\"><\/a>v<a id=\"aHlk194911642\"><\/a>aporizzazione\u201d prima del padre, e dopo la madre. Se situa in un primo tempo la vaporizzazione del padre \u2013\u00a0e non la sua evaporazione\u00a0\u2013 annuncia in seguito anche la vaporizzazione della madre\u00a0[1]. <\/span><\/p>\n<p class=\"tm12\"><span class=\"tm13\">\u00a0<\/span><strong><em><span class=\"tm15\">Perch\u00e9 dunque vaporizzazione piuttosto che evaporazione? <\/span><\/em><\/strong><\/p>\n<p class=\"tm12\"><span class=\"tm13\">La vaporizzazione e l\u2019evaporazione sono entrambi dei fenomeni psichici di trasformazione di un liquido in gas, ma si distinguono. Il secondo \u00e8 un processo lento e spontaneo che si produce alla superficie di un liquido. \u00c8 un fenomeno naturale, al contrario della vaporizzazione che implica un intervento volontario o intenso. Essa pu\u00f2 includere due fenomeni\u00a0: l\u2019ebollizione e l\u2019evaporazione forzata, quando si applica un\u2019energia supplementare (calore, pressione, etc.) per accelerare il processo. <\/span><\/p>\n<p class=\"tm12\"><span class=\"tm13\">Inoltre, la vaporizzazione evoca anche l\u2019azione di disperdere un liquido in piccole gocce. <\/span><\/p>\n<p class=\"tm12\"><s><\/s><span class=\"tm13\">La vaporizzazione del padre non \u00e8 dunque un fenomeno naturale e la sua trasformazione in piccole gocce pu\u00f2 far pensare alla pluralizzazione dei Nomi-del-Padre, il Nome-del-Padre diventa dunque le piccole gocce. Il termine di <a id=\"aHlk194912658\"><\/a>\u201cevaporazione\u201d \u00e8 di Lacan, J.-A. Miller prefersice <a id=\"aHlk194917780\"><\/a>\u201cil padre divenuto vapore\u201d. Secondo lui lo spirito dell\u2019illuminismo vi ha contribuito, cos\u00ec come la decapitazione del re di Francia il 21 gennaio 1793, anche se il padre ha continuato a balbettare dall\u2019oltretomba\u00a0[2]. Malgrado la redazione da parte di Napoleone del Codice civile nel senso di un rinforzo del patriarcato, Balzac deplora gi\u00e0 nel 1842 \u201cla diminuzione della forza paterna\u201d\u00a0[3]. J.-A.\u00a0Miller si chiede chi ha sostituito il padre allo zenith sociale. Ne conclude che \u00e8 il denaro che \u00e8 venuto a questo posto. Il capitalismo sarebbe venuto dunque al posto del patriarcato. Dopo Napoleone, \u00e8 Freud che ha voluto salvare il padre in perdizione. \u201cGli effetti congiunti dell\u2019Illuminismo e del capitalismo [\u2026] hanno contribuito a sminuire, svalutare, e infine vaporizzare il padre. [&#8230;]Considerata in senso pi\u00f9 allargato, la decadenza del padre \u00e8 dovuta al discorso della scienza, di cui l\u2019Illuminismo \u00e8 l\u2019effetto\u201d\u00a0[4].<\/span><\/p>\n<p class=\"tm12\"><span class=\"tm13\">Lacan, quanto a lui, non aveva il fantasma di salvare il padre, e la<\/span> <span class=\"tm13\">lettera che scrive a suo padre durante la sua giovinezza spiegandogli che rifiuter\u00e0 sempre di sottomettersi agli argomenti di autorit\u00e0 lo testimonia\u00a0[5].<\/span><\/p>\n<p class=\"tm12\"><span class=\"tm13\">Nel corso dell\u2019insegnamento di Lacan, il concetto di Nome-del-Padre ha attraversato varie fasi. Nel 1938, ne <\/span><em><span class=\"tm18\">I complessi familiari<\/span><\/em><span class=\"tm13\">, Lacan notava gi\u00e0 \u201cil declino sociale dell\u2019imago paterna\u201d\u00a0[6]. Negli anni cinquanta, il Nome-del-Padre \u00e8 una funzione centrale dell\u2019organizzazione psichica, \u00e8 il punto di capitone dell\u2019Altro del linguaggio. La sua introduzione \u00e8 gi\u00e0 una distanza presa con il mito di Edipo in Freud e una matematizzazione della figura che diventa allora una funzione. Negli anni sessanta, Lacan introduce una pluralizzazione del concetto. Abbandona l\u2019idea di un Nome-del-Padre unico per riconoscere una pluralit\u00e0 di funzioni paterne. Sottolinea che la funzione pu\u00f2 essere incarnata non solo da un uomo rispetto alla madre, ma anche da altre persone . Con il Seminario <\/span><span class=\"tm19\">xxiii<\/span><span class=\"tm13\">, Lacan ridefinisce il Nome-del-Padre a partire dei nodi borromei. Il <\/span><em><span class=\"tm18\">sinthomo <\/span><\/em><span class=\"tm13\">\u00e8 il quarto cerchio che pu\u00f2 far tenere il nodo se gli tre altri non sono annodati <\/span><span class=\"tm13\">borroneamente<\/span><span class=\"tm13\">: pu\u00f2 sostituire la funzione paterna, e prendere il posto di questo punto di capitone che permette di far tenere la struttura. Da qui, la dissoluzione delle figure patriarcali tradizionali \u2013\u00a0ci\u00f2 che J.-A.\u00a0Miller ha chiamato la vaporizzazione del padre\u00a0\u2013 ci porta a ripensare la costruzione e il funzionamento della famiglia contemporanea. L\u2019epoca \u00e8 dunque quella di una <\/span><em><span class=\"tm18\">defamiliarizzazione <\/span><\/em><span class=\"tm13\">generalizzata. <\/span><\/p>\n<p class=\"tm12\"><span class=\"tm13\">Nel 1969, nella <\/span><em><span class=\"tm18\">Nota sul bambino<\/span><\/em><span class=\"tm13\">, Lacan indica che la famiglia coniugale sostiene la funzione di residuo nell\u2019evoluzione della societ\u00e0<\/span><span class=\"tm13\">. <\/span><span class=\"tm13\">Il residuo sarebbe dunque sostenuto dalla coppia. Questo residuo \u00e8 dunque ci\u00f2 che resta dopo un processo, risultato di una trasformazione simbolica o immaginaria. Questa funzione di residuo mette in valore l\u2019irriducibile di una trasmissione di una costituzione soggettiva, implicando un desiderio che non sia anonimo. Le utopie comunitarie (i falansteri di Charles Fourier nel <\/span><span class=\"tm19\">XXI<\/span><span class=\"tm13\"> secolo , i <\/span><span class=\"tm13\">kibbutz <\/span><span class=\"tm13\">o le esperienze comunitarie sovietiche, etc.) dove il bambino \u00e8 affidato alle cure uguali per tutti delle nutrici o educatori specializzati, non funzionano e danno dei risultati soggettivi disastrosi. Le funzioni del padre e della madre si misurano a partire da questa necessit\u00e0 di trasmissione. Per quanto riguarda la funzione della madre, si tratta di operare le cure che portano il marchio di un interesse particolarizzato e<\/span><span class=\"tm13\">, <\/span><span class=\"tm13\">per la funzione del padre, bisogna che il suo nome sia il vettore di un\u2019incarnazione della legge nel desiderio. Il sintomo del bambino si fa allora risposta al sintomo della struttura familiare. Pu\u00f2 rappresentare la verit\u00e0 della coppia nei migliori dei casi, oppure essere solamente attaccato alla soggettivit\u00e0 della madre e essere allora correlato al suo fantasma. In questo caso, il bambino diventa l\u2019oggetto <\/span><em><span class=\"tm18\">a <\/span><\/em><span class=\"tm13\">nel fantasma materno e la funzione paterna non gli permette di trovare una regolazione, una limitazione del desiderio. Il sintomo del bambino si fa allora risposta al sintomo della struttura familiare. <\/span><\/p>\n<p class=\"tm12\"><span class=\"tm13\">Durante la giornata epistemica della Commissione d\u2019organizzazione di PIPOL 12\u00a0[7], \u00e8 stata sottolineata una tendenza contemporanea della famiglia a ridursi intorno al solo nucleo del bambino stesso.<\/span><\/p>\n<p class=\"Corpo\">Il prodotto ne \u00e8 una grande diversit\u00e0 delle famiglie attuali\u00a0: famiglie omoparentali, famiglie divise e ricomposte, famiglie monoparentali, famiglie parallele e co-parentali, etc. I modi di fare famiglia, di fabbricarsi una famiglia, d\u2019ora in avanti sono limitati solo dall\u2019inventiva degli umani.<\/p>\n<p class=\"tm12\"><span class=\"tm20\">[1] Cf. <\/span><span class=\"tm20\">J.-A. <\/span><span class=\"tm20\">Miller<\/span><span class=\"tm20\">,<\/span><span class=\"tm20\">\u00a0<\/span><em><span class=\"tm21\">Le p\u00e8re devenu vapeur<\/span><\/em><span class=\"tm20\">, <\/span><span class=\"tm20\">in <\/span><em><span class=\"tm21\">Mental<\/span><\/em><span class=\"tm20\">, n<\/span><sup><span class=\"tm20\">o<\/span><\/sup><span class=\"tm20\">\u00a048, novembre 2023, p.\u00a013-16.<\/span><\/p>\n<p class=\"tm12\"><span class=\"tm20\">[2] Ibidem.<\/span><\/p>\n<p class=\"Corpo\"><span class=\"tm22\">[3] Estratto di una dedica di <\/span><em><span class=\"tm23\">La Rabouilleuse<\/span><\/em><span class=\"tm22\"> che H. de Balzac indirizza a Charles Nodier in<\/span><span class=\"tm22\"> J.-A<\/span> <span class=\"tm22\">Miller, <\/span><em><span class=\"tm25\">La psychanalyse au miroir de Balzac<\/span><\/em><span class=\"tm22\">, \u00c9cole de la Cause freudienne, Paris 2006.<\/span><\/p>\n<p class=\"Corpo\"><span class=\"tm22\">[4] J.-A. Miller.,\u00a0<\/span><em><span class=\"tm25\">Le p<\/span><span class=\"tm22\">\u00e8<\/span><span class=\"tm22\">re devenu vapeur<\/span><\/em><span class=\"tm22\">, <em>op cit.<\/em>, p. 14.<\/span><\/p>\n<p class=\"Corpo\"><span class=\"tm22\">[5] J. Lacan, <\/span><em><span class=\"tm25\">Ornicar\u00a0? Lacan Redivivus<\/span><\/em><span class=\"tm22\">, Navarin, Paris<\/span><span class=\"tm22\">, 2021 p\u00a0150<\/span><span class=\"tm22\">-161.<\/span><\/p>\n<p class=\"Corpo\"><span class=\"tm22\">[6] J. Lacan, <\/span><em><span class=\"tm25\">I complessi familiari <\/span><\/em><span class=\"tm22\">[1938]\u00a0, in <\/span><em><span class=\"tm25\">Altri scritti<\/span><\/em><span class=\"tm22\">, Torino, Einaudi 2013, <\/span><span class=\"tm22\">p. 60.<\/span><\/p>\n<p class=\"Corpo\"><span class=\"tm22\">[7] Giornata epistemica del 23 novembre, organizzata dalla commissione PIPOL 12 de l\u2019ACF-Belgique.<\/span><\/p>\n<p class=\"Corpo\"><span class=\"tm22\">\u00a0<\/span><\/p>\n<p class=\"Corpo\">Traduzione: Elena Madera<\/p>\n<p class=\"Corpo\">Revisione: Francesca Carmignani<\/p>\n<p class=\"Normal\">\n<\/div>","protected":false},"excerpt":{"rendered":"<p>Alla fine del Congresso di PIPOL 11 sulla clinica e la critica del patriarcato, Jacques-Alain Miller impiega il termine di \u201cvaporizzazione\u201d prima del padre, e dopo la madre. Se situa in un primo tempo la vaporizzazione del padre \u2013\u00a0e non la sua evaporazione\u00a0\u2013 annuncia in seguito anche la vaporizzazione della madre\u00a0[1]. \u00a0Perch\u00e9 dunque vaporizzazione piuttosto [&hellip;]<\/p>\n","protected":false},"author":3,"featured_media":7346,"comment_status":"closed","ping_status":"closed","sticky":false,"template":"","format":"standard","meta":[],"categories":[539],"tags":[],"yoast_head":"<!-- This site is optimized with the Yoast SEO plugin v15.5 - https:\/\/yoast.com\/wordpress\/plugins\/seo\/ -->\n<title>Il padre e la madre vaporizzati (Prima parte) - Katty Langelez-Stevens - Pipol Congr\u00e8s<\/title>\n<meta name=\"robots\" content=\"index, follow, max-snippet:-1, max-image-preview:large, max-video-preview:-1\" \/>\n<link rel=\"canonical\" href=\"https:\/\/www.pipolcongres.eu\/it\/2025\/06\/05\/il-padre-e-la-madre-vaporizzati-prima-parte-katty-langelez-stevens\/\" \/>\n<meta property=\"og:locale\" content=\"it_IT\" \/>\n<meta property=\"og:type\" content=\"article\" \/>\n<meta property=\"og:title\" content=\"Il padre e la madre vaporizzati (Prima parte) - Katty Langelez-Stevens - Pipol Congr\u00e8s\" \/>\n<meta property=\"og:description\" content=\"Alla fine del Congresso di PIPOL 11 sulla clinica e la critica del patriarcato, Jacques-Alain Miller impiega il termine di \u201cvaporizzazione\u201d prima del padre, e dopo la madre. Se situa in un primo tempo la vaporizzazione del padre \u2013\u00a0e non la sua evaporazione\u00a0\u2013 annuncia in seguito anche la vaporizzazione della madre\u00a0[1]. \u00a0Perch\u00e9 dunque vaporizzazione piuttosto [&hellip;]\" \/>\n<meta property=\"og:url\" content=\"https:\/\/www.pipolcongres.eu\/it\/2025\/06\/05\/il-padre-e-la-madre-vaporizzati-prima-parte-katty-langelez-stevens\/\" \/>\n<meta property=\"og:site_name\" content=\"Pipol Congr\u00e8s\" \/>\n<meta property=\"article:publisher\" content=\"https:\/\/www.facebook.com\/share\/12D7tEQ44kL\/?mibextid=LQQJ4d\" \/>\n<meta property=\"article:published_time\" content=\"2025-06-05T17:01:20+00:00\" \/>\n<meta property=\"article:modified_time\" content=\"2025-06-05T20:13:47+00:00\" \/>\n<meta property=\"og:image\" content=\"https:\/\/www.pipolcongres.eu\/wp-content\/uploads\/2024\/11\/Famille-residu-sans-CR.jpeg\" \/>\n\t<meta property=\"og:image:width\" content=\"750\" \/>\n\t<meta property=\"og:image:height\" content=\"374\" \/>\n<meta name=\"twitter:card\" content=\"summary_large_image\" \/>\n<meta name=\"twitter:label1\" content=\"Tempo di lettura stimato\">\n\t<meta name=\"twitter:data1\" content=\"4 minuti\">\n<script type=\"application\/ld+json\" class=\"yoast-schema-graph\">{\"@context\":\"https:\/\/schema.org\",\"@graph\":[{\"@type\":\"WebSite\",\"@id\":\"https:\/\/www.pipolcongres.eu\/it\/#website\",\"url\":\"https:\/\/www.pipolcongres.eu\/it\/\",\"name\":\"Pipol Congr\\u00e8s\",\"description\":\"\",\"potentialAction\":[{\"@type\":\"SearchAction\",\"target\":\"https:\/\/www.pipolcongres.eu\/it\/?s={search_term_string}\",\"query-input\":\"required name=search_term_string\"}],\"inLanguage\":\"it-IT\"},{\"@type\":\"ImageObject\",\"@id\":\"https:\/\/www.pipolcongres.eu\/it\/2025\/06\/05\/il-padre-e-la-madre-vaporizzati-prima-parte-katty-langelez-stevens\/#primaryimage\",\"inLanguage\":\"it-IT\",\"url\":\"https:\/\/www.pipolcongres.eu\/wp-content\/uploads\/2024\/11\/Famille-residu-sans-CR.jpeg\",\"width\":750,\"height\":374},{\"@type\":\"WebPage\",\"@id\":\"https:\/\/www.pipolcongres.eu\/it\/2025\/06\/05\/il-padre-e-la-madre-vaporizzati-prima-parte-katty-langelez-stevens\/#webpage\",\"url\":\"https:\/\/www.pipolcongres.eu\/it\/2025\/06\/05\/il-padre-e-la-madre-vaporizzati-prima-parte-katty-langelez-stevens\/\",\"name\":\"Il padre e la madre vaporizzati (Prima parte) - Katty Langelez-Stevens - Pipol Congr\\u00e8s\",\"isPartOf\":{\"@id\":\"https:\/\/www.pipolcongres.eu\/it\/#website\"},\"primaryImageOfPage\":{\"@id\":\"https:\/\/www.pipolcongres.eu\/it\/2025\/06\/05\/il-padre-e-la-madre-vaporizzati-prima-parte-katty-langelez-stevens\/#primaryimage\"},\"datePublished\":\"2025-06-05T17:01:20+00:00\",\"dateModified\":\"2025-06-05T20:13:47+00:00\",\"author\":{\"@id\":\"https:\/\/www.pipolcongres.eu\/it\/#\/schema\/person\/f8cb217f45103fcb436f14acee2b5b9b\"},\"inLanguage\":\"it-IT\",\"potentialAction\":[{\"@type\":\"ReadAction\",\"target\":[\"https:\/\/www.pipolcongres.eu\/it\/2025\/06\/05\/il-padre-e-la-madre-vaporizzati-prima-parte-katty-langelez-stevens\/\"]}]},{\"@type\":\"Person\",\"@id\":\"https:\/\/www.pipolcongres.eu\/it\/#\/schema\/person\/f8cb217f45103fcb436f14acee2b5b9b\",\"name\":\"PIPOL TEAM\",\"image\":{\"@type\":\"ImageObject\",\"@id\":\"https:\/\/www.pipolcongres.eu\/it\/#personlogo\",\"inLanguage\":\"it-IT\",\"url\":\"https:\/\/secure.gravatar.com\/avatar\/b98e815813af2d80d5c2073a926d2dd2?s=96&d=mm&r=g\",\"caption\":\"PIPOL TEAM\"}}]}<\/script>\n<!-- \/ Yoast SEO plugin. -->","_links":{"self":[{"href":"https:\/\/www.pipolcongres.eu\/it\/wp-json\/wp\/v2\/posts\/8614"}],"collection":[{"href":"https:\/\/www.pipolcongres.eu\/it\/wp-json\/wp\/v2\/posts"}],"about":[{"href":"https:\/\/www.pipolcongres.eu\/it\/wp-json\/wp\/v2\/types\/post"}],"author":[{"embeddable":true,"href":"https:\/\/www.pipolcongres.eu\/it\/wp-json\/wp\/v2\/users\/3"}],"replies":[{"embeddable":true,"href":"https:\/\/www.pipolcongres.eu\/it\/wp-json\/wp\/v2\/comments?post=8614"}],"version-history":[{"count":3,"href":"https:\/\/www.pipolcongres.eu\/it\/wp-json\/wp\/v2\/posts\/8614\/revisions"}],"predecessor-version":[{"id":8668,"href":"https:\/\/www.pipolcongres.eu\/it\/wp-json\/wp\/v2\/posts\/8614\/revisions\/8668"}],"wp:featuredmedia":[{"embeddable":true,"href":"https:\/\/www.pipolcongres.eu\/it\/wp-json\/wp\/v2\/media\/7346"}],"wp:attachment":[{"href":"https:\/\/www.pipolcongres.eu\/it\/wp-json\/wp\/v2\/media?parent=8614"}],"wp:term":[{"taxonomy":"category","embeddable":true,"href":"https:\/\/www.pipolcongres.eu\/it\/wp-json\/wp\/v2\/categories?post=8614"},{"taxonomy":"post_tag","embeddable":true,"href":"https:\/\/www.pipolcongres.eu\/it\/wp-json\/wp\/v2\/tags?post=8614"}],"curies":[{"name":"wp","href":"https:\/\/api.w.org\/{rel}","templated":true}]}}