{"id":8414,"date":"2025-05-06T21:08:39","date_gmt":"2025-05-06T19:08:39","guid":{"rendered":"https:\/\/www.pipolcongres.eu\/?p=8414"},"modified":"2025-05-08T20:42:50","modified_gmt":"2025-05-08T18:42:50","slug":"laltro-senza-limiti-e-la-degradazione-della-parola-m-antonella-del-monaco","status":"publish","type":"post","link":"https:\/\/www.pipolcongres.eu\/it\/2025\/05\/06\/laltro-senza-limiti-e-la-degradazione-della-parola-m-antonella-del-monaco\/","title":{"rendered":"L\u2019Altro senza limiti e la degradazione della parola &#8211; M. Antonella Del Monaco"},"content":{"rendered":"<div class=\"pf-content\"><p class=\"tm14\"><span class=\"tm16\">Si pu\u00f2, ancora, parlare della famiglia come istituzione, oggi?<\/span><\/p>\n<p class=\"tm14\"><span class=\"tm16\">Pongo questa provocazione a partire da due affermazioni di Jacques Lacan e dal dire di alcuni adolescenti, depositato in uno sportello d\u2019ascolto psicologico.<\/span><\/p>\n<p class=\"tm18\"><strong><em><span class=\"tm20\">\u00ab[\u2026] le istanze culturali dominano le istanze naturali [\u2026].\u00bb\u00a0<\/span><\/em><\/strong><span class=\"tm16\">[1]<\/span><\/p>\n<p class=\"tm14\"><span class=\"tm16\">Troviamo questa affermazione nell\u2019<\/span><em><span class=\"tm21\">Introduzione<\/span><\/em><span class=\"tm16\"> a <\/span><em><span class=\"tm21\">I complessi familiari,<\/span><\/em><span class=\"tm16\"> dove Lacan, abborda il tema dell\u2019istituzione familiare, operando una disgiunzione tra l\u2019istintuale e il culturale; distinguendo, cio\u00e8<\/span><span class=\"tm16\">, <\/span><span class=\"tm16\">\u00ab tra la famiglia umana come istituzione e la famiglia come fatto biologico\u00bb\u00a0<\/span><span class=\"tm16\">[2]. Ci<\/span><span class=\"tm16\">\u00f2 che per Lacan, in quegli anni, specifica la famiglia umana &#8211; permettendo di indicarla come un\u2019istituzione &#8211; \u00e8 la cultura che, qualche anno dopo, confluir\u00e0 nel concetto di ordine simbolico. <\/span><\/p>\n<p class=\"tm14\"><span class=\"tm16\">Dunque, oggi che, non solo, \u00e8 evidente che l\u2019ordine simbolico non prevale sul reale ma, al contrario, vediamo diffondersi &#8211; nel discorso dominante &#8211; un imperativo di godimento irrefrenabile, quali sono gli effetti che questo rovesciamento ha sull\u2019istituzione familiare?<\/span><\/p>\n<p class=\"tm14\"><span class=\"tm16\">E da qui, passiamo alla seconda affermazione:<\/span><\/p>\n<p class=\"tm18\"><strong><em><span class=\"tm20\">\u00abOgni formazione umana ha per essenza [\u2026] di porre un freno al godimento.\u00bb<\/span><\/em><\/strong><span class=\"tm16\">[3]<\/span><\/p>\n<p class=\"tm14\"><span class=\"tm16\">Lacan, nel \u201967, a conclusione delle giornate sulle psicosi del bambino, \u00abricorda che la famiglia umana \u00e8 <\/span><span class=\"tm16\">un<\/span><span class=\"tm16\">\u2019istituzione e scrive la funzione dell\u2019istituzione.\u00bb\u00a0<\/span><span class=\"tm16\">[4] <\/span><\/p>\n<p class=\"tm14\"><span class=\"tm16\">La famiglia, in quanto istituzione, dunque, avrebbe la funzione di limitare il godimento. Del resto, il termine istituzione deriva da\u00a0<\/span><em><span class=\"tm21\">istituire<\/span><\/em><span class=\"tm16\">, che vuol dire, fra l\u2019altro, stabilire un ordine, regolare<\/span><span class=\"tm22\">.<\/span><span class=\"tm16\"> Se <\/span><span class=\"tm23\">per \u201cIstituzione\u201d intendiamo <\/span><span class=\"tm16\">una formazione umana, disciplinata da regole e da valori, costituita per perseguire una determinata funzione, allora, la domanda che ponevo all\u2019inizio s\u2019impone. <\/span><\/p>\n<p class=\"tm14\"><span class=\"tm16\">E arriviamo, cos\u00ec, a ci\u00f2 che \u00e8 emerso dal lavoro che ho svolto nello sportello d\u2019ascolto di alcune scuole medie, dove diversi adolescenti si sono rivolti, spinti dal disagio che vivevano in famiglia.<\/span><\/p>\n<p class=\"tm14\"><span class=\"tm16\">Ebbene, l\u2019Altro &#8211; materno e\/o paterno &#8211; che \u00e8 emerso dal loro discorso non \u00e8 <\/span><span class=\"tm16\">l<\/span><span class=\"tm16\">\u2019Altro che impone loro un limite e nemmeno un Altro barrato, mancante, ma \u00e8 un Altro senza limiti. Ed \u00e8 questo incontro a causare degli effetti sintomatici, singolari, per ciascuno di loro.<\/span><\/p>\n<p class=\"tm14\"><span class=\"tm16\">Lacan ha, sempre, messo in valore la funzione del complesso di castrazione, vale a dire l\u2019importanza svolta dalla funzione del limite ad un godimento in eccesso. Senza quel limite non c\u2019\u00e8 possibilit\u00e0 di accesso al desiderio. \u00c8 <\/span><span class=\"tm16\">l<\/span><span class=\"tm16\">\u2019Altro &#8211; solitamente l\u2019Altro che svolge la funzione paterna &#8211; che trasmette la castrazione al figlio, ma \u00e8 necessario che la trasmetta dal posto di castrato. Questo vuol dire che, lui per primo, deve essere limitato nel suo godimento. Ed \u00e8 questo il problema, oggi. Non solo l\u2019Altro familiare, ma anche l\u2019Altro che rappresenta simbolicamente la societ\u00e0, la politica, non ha pi\u00f9 alcun limite, alcuna regola. \u00c8 <\/span><span class=\"tm16\">ci<\/span><span class=\"tm16\">\u00f2 che l\u2019attualit\u00e0 della realt\u00e0 politica ci sta mostrando, drammaticamente, in questi giorni.<\/span><\/p>\n<p class=\"tm14\"><span class=\"tm16\">Il lavoro svolto con questi adolescenti, per\u00f2, mi permette di fare un passo in pi\u00f9<\/span><span class=\"tm16\">. <\/span><\/p>\n<p class=\"tm14\"><span class=\"tm16\">Dal discorso di alcuni di loro \u00e8 emersa una stretta correlazione tra quest\u2019Altro familiare, fuori limite e la degradazione della parola, del simbolico. Potremmo sintetizzarla cos\u00ec<\/span><span class=\"tm16\">: l<\/span><span class=\"tm16\">\u2019Altro fuori limite fa sparire l\u2019Altro come luogo del linguaggio; o detto in altro modo: il godimento mette fuori gioco il luogo della parola.<\/span><\/p>\n<p class=\"tm14\"><span class=\"tm16\">\u00abMia mamma non mi parla. Urla, solamente.\u00bb E ancora: \u00abmio padre fraintende le mie parole, scambiandole per insulti. Se ne va dicendo che non torna pi\u00f9<\/span><span class=\"tm16\">.<\/span><span class=\"tm16\">\u00bb<\/span><\/p>\n<p class=\"tm14\"><span class=\"tm16\">\u00c8 un cambiamento d\u2019epoca che ci prospettano questi ragazzi che non pu\u00f2 non interrogarci.<\/span><\/p>\n<p class=\"tm14\"><span class=\"tm16\">\u00a0<\/span><\/p>\n<p class=\"Notedebasdepage\"><span class=\"tm24\">[1]\u00a0J. Lacan, <\/span><em><span class=\"tm25\">I complessi familiari nella formazione dell\u2019individuo, <\/span><\/em><span class=\"tm24\">Einaudi, Torino 2005, p. 23.<\/span><\/p>\n<p class=\"Notedebasdepage\"><span class=\"tm24\">[2]\u00a0E. Solano, <\/span><em><span class=\"tm25\">Il bambino e le famiglie<\/span><\/em><span class=\"tm24\">, Panozzo Editore, Rimini 2010, p.\u00a058. <\/span><\/p>\n<p class=\"Notedebasdepage\"><span class=\"tm24\">[3]\u00a0J. Lacan, <\/span><em><span class=\"tm25\">Allocuzione sulle psicosi infantili <\/span><\/em><span class=\"tm24\">[1967]<\/span><em><span class=\"tm25\">, <\/span><\/em><span class=\"tm24\">in <\/span><em><span class=\"tm25\">Altri Scritti<\/span><\/em><span class=\"tm24\">,<\/span> <span class=\"tm24\">Einaudi, Torino 2013, p.\u00a0359-360.<\/span><\/p>\n<p class=\"Notedebasdepage\"><span class=\"tm24\">[4]\u00a0E. Solano, <\/span><span class=\"tm25\">Il bambino e le famiglie<\/span><span class=\"tm24\">,<\/span><em><span class=\"tm25\"> op. cit. <\/span><\/em><span class=\"tm25\">p.\u00a058.<\/span><\/p>\n<p class=\"Normal\">\n<\/div>","protected":false},"excerpt":{"rendered":"<p>Si pu\u00f2, ancora, parlare della famiglia come istituzione, oggi? Pongo questa provocazione a partire da due affermazioni di Jacques Lacan e dal dire di alcuni adolescenti, depositato in uno sportello d\u2019ascolto psicologico. \u00ab[\u2026] le istanze culturali dominano le istanze naturali [\u2026].\u00bb\u00a0[1] Troviamo questa affermazione nell\u2019Introduzione a I complessi familiari, dove Lacan, abborda il tema dell\u2019istituzione [&hellip;]<\/p>\n","protected":false},"author":3,"featured_media":7389,"comment_status":"closed","ping_status":"closed","sticky":false,"template":"","format":"standard","meta":[],"categories":[542],"tags":[],"yoast_head":"<!-- This site is optimized with the Yoast SEO plugin v15.5 - https:\/\/yoast.com\/wordpress\/plugins\/seo\/ -->\n<title>L\u2019Altro senza limiti e la degradazione della parola - M. Antonella Del Monaco - Pipol Congr\u00e8s<\/title>\n<meta name=\"robots\" content=\"index, follow, max-snippet:-1, max-image-preview:large, max-video-preview:-1\" \/>\n<link rel=\"canonical\" href=\"https:\/\/www.pipolcongres.eu\/it\/2025\/05\/06\/laltro-senza-limiti-e-la-degradazione-della-parola-m-antonella-del-monaco\/\" \/>\n<meta property=\"og:locale\" content=\"it_IT\" \/>\n<meta property=\"og:type\" content=\"article\" \/>\n<meta property=\"og:title\" content=\"L\u2019Altro senza limiti e la degradazione della parola - M. Antonella Del Monaco - Pipol Congr\u00e8s\" \/>\n<meta property=\"og:description\" content=\"Si pu\u00f2, ancora, parlare della famiglia come istituzione, oggi? Pongo questa provocazione a partire da due affermazioni di Jacques Lacan e dal dire di alcuni adolescenti, depositato in uno sportello d\u2019ascolto psicologico. \u00ab[\u2026] le istanze culturali dominano le istanze naturali [\u2026].\u00bb\u00a0[1] Troviamo questa affermazione nell\u2019Introduzione a I complessi familiari, dove Lacan, abborda il tema dell\u2019istituzione [&hellip;]\" \/>\n<meta property=\"og:url\" content=\"https:\/\/www.pipolcongres.eu\/it\/2025\/05\/06\/laltro-senza-limiti-e-la-degradazione-della-parola-m-antonella-del-monaco\/\" \/>\n<meta property=\"og:site_name\" content=\"Pipol Congr\u00e8s\" \/>\n<meta property=\"article:publisher\" content=\"https:\/\/www.facebook.com\/share\/12D7tEQ44kL\/?mibextid=LQQJ4d\" \/>\n<meta property=\"article:published_time\" content=\"2025-05-06T19:08:39+00:00\" \/>\n<meta property=\"article:modified_time\" content=\"2025-05-08T18:42:50+00:00\" \/>\n<meta property=\"og:image\" content=\"https:\/\/www.pipolcongres.eu\/wp-content\/uploads\/2024\/11\/Famille-institution-2.jpeg\" \/>\n\t<meta property=\"og:image:width\" content=\"749\" \/>\n\t<meta property=\"og:image:height\" content=\"375\" \/>\n<meta name=\"twitter:card\" content=\"summary_large_image\" \/>\n<meta name=\"twitter:label1\" content=\"Tempo di lettura stimato\">\n\t<meta name=\"twitter:data1\" content=\"2 minuti\">\n<script type=\"application\/ld+json\" class=\"yoast-schema-graph\">{\"@context\":\"https:\/\/schema.org\",\"@graph\":[{\"@type\":\"WebSite\",\"@id\":\"https:\/\/www.pipolcongres.eu\/it\/#website\",\"url\":\"https:\/\/www.pipolcongres.eu\/it\/\",\"name\":\"Pipol Congr\\u00e8s\",\"description\":\"\",\"potentialAction\":[{\"@type\":\"SearchAction\",\"target\":\"https:\/\/www.pipolcongres.eu\/it\/?s={search_term_string}\",\"query-input\":\"required name=search_term_string\"}],\"inLanguage\":\"it-IT\"},{\"@type\":\"ImageObject\",\"@id\":\"https:\/\/www.pipolcongres.eu\/it\/2025\/05\/06\/laltro-senza-limiti-e-la-degradazione-della-parola-m-antonella-del-monaco\/#primaryimage\",\"inLanguage\":\"it-IT\",\"url\":\"https:\/\/www.pipolcongres.eu\/wp-content\/uploads\/2024\/11\/Famille-institution-2.jpeg\",\"width\":749,\"height\":375},{\"@type\":\"WebPage\",\"@id\":\"https:\/\/www.pipolcongres.eu\/it\/2025\/05\/06\/laltro-senza-limiti-e-la-degradazione-della-parola-m-antonella-del-monaco\/#webpage\",\"url\":\"https:\/\/www.pipolcongres.eu\/it\/2025\/05\/06\/laltro-senza-limiti-e-la-degradazione-della-parola-m-antonella-del-monaco\/\",\"name\":\"L\\u2019Altro senza limiti e la degradazione della parola - M. Antonella Del Monaco - Pipol Congr\\u00e8s\",\"isPartOf\":{\"@id\":\"https:\/\/www.pipolcongres.eu\/it\/#website\"},\"primaryImageOfPage\":{\"@id\":\"https:\/\/www.pipolcongres.eu\/it\/2025\/05\/06\/laltro-senza-limiti-e-la-degradazione-della-parola-m-antonella-del-monaco\/#primaryimage\"},\"datePublished\":\"2025-05-06T19:08:39+00:00\",\"dateModified\":\"2025-05-08T18:42:50+00:00\",\"author\":{\"@id\":\"https:\/\/www.pipolcongres.eu\/it\/#\/schema\/person\/f8cb217f45103fcb436f14acee2b5b9b\"},\"inLanguage\":\"it-IT\",\"potentialAction\":[{\"@type\":\"ReadAction\",\"target\":[\"https:\/\/www.pipolcongres.eu\/it\/2025\/05\/06\/laltro-senza-limiti-e-la-degradazione-della-parola-m-antonella-del-monaco\/\"]}]},{\"@type\":\"Person\",\"@id\":\"https:\/\/www.pipolcongres.eu\/it\/#\/schema\/person\/f8cb217f45103fcb436f14acee2b5b9b\",\"name\":\"PIPOL TEAM\",\"image\":{\"@type\":\"ImageObject\",\"@id\":\"https:\/\/www.pipolcongres.eu\/it\/#personlogo\",\"inLanguage\":\"it-IT\",\"url\":\"https:\/\/secure.gravatar.com\/avatar\/b98e815813af2d80d5c2073a926d2dd2?s=96&d=mm&r=g\",\"caption\":\"PIPOL TEAM\"}}]}<\/script>\n<!-- \/ Yoast SEO plugin. -->","_links":{"self":[{"href":"https:\/\/www.pipolcongres.eu\/it\/wp-json\/wp\/v2\/posts\/8414"}],"collection":[{"href":"https:\/\/www.pipolcongres.eu\/it\/wp-json\/wp\/v2\/posts"}],"about":[{"href":"https:\/\/www.pipolcongres.eu\/it\/wp-json\/wp\/v2\/types\/post"}],"author":[{"embeddable":true,"href":"https:\/\/www.pipolcongres.eu\/it\/wp-json\/wp\/v2\/users\/3"}],"replies":[{"embeddable":true,"href":"https:\/\/www.pipolcongres.eu\/it\/wp-json\/wp\/v2\/comments?post=8414"}],"version-history":[{"count":3,"href":"https:\/\/www.pipolcongres.eu\/it\/wp-json\/wp\/v2\/posts\/8414\/revisions"}],"predecessor-version":[{"id":8423,"href":"https:\/\/www.pipolcongres.eu\/it\/wp-json\/wp\/v2\/posts\/8414\/revisions\/8423"}],"wp:featuredmedia":[{"embeddable":true,"href":"https:\/\/www.pipolcongres.eu\/it\/wp-json\/wp\/v2\/media\/7389"}],"wp:attachment":[{"href":"https:\/\/www.pipolcongres.eu\/it\/wp-json\/wp\/v2\/media?parent=8414"}],"wp:term":[{"taxonomy":"category","embeddable":true,"href":"https:\/\/www.pipolcongres.eu\/it\/wp-json\/wp\/v2\/categories?post=8414"},{"taxonomy":"post_tag","embeddable":true,"href":"https:\/\/www.pipolcongres.eu\/it\/wp-json\/wp\/v2\/tags?post=8414"}],"curies":[{"name":"wp","href":"https:\/\/api.w.org\/{rel}","templated":true}]}}