{"id":8603,"date":"2025-06-05T18:53:53","date_gmt":"2025-06-05T16:53:53","guid":{"rendered":"https:\/\/www.pipolcongres.eu\/?p=8603"},"modified":"2025-06-05T22:16:34","modified_gmt":"2025-06-05T20:16:34","slug":"dar-lugar-al-malestar-dominique-holvoet","status":"publish","type":"post","link":"https:\/\/www.pipolcongres.eu\/es\/2025\/06\/05\/dar-lugar-al-malestar-dominique-holvoet\/","title":{"rendered":"Dar lugar al malestar &#8211; Dominique Holvoet"},"content":{"rendered":"<div class=\"pf-content\"><p class=\"tm9\"><span class=\"tm11\">La asociaci\u00f3n de la Causa Freudiana en B\u00e9lgica se reuni\u00f3 el pasado fin de semana para su Asamblea General en un local lleno y alegremente animado por nuestra presidenta C\u00e9line Poblome-Aulit, para escuchar, entre otros, a Virginie Leblanc-Ro\u00efc ense\u00f1arnos sobre la psicosis man\u00edaco-depresiva. \u00a1El entusiasmo l\u00facido que reinaba en el lugar da cuenta de cu\u00e1nto est\u00e1n trabajando los colegas belgas para recibirlos con motivo de PIPOL 12!<\/span><\/p>\n<p class=\"tm9\"><span class=\"tm11\">Si el psicoanalista causa su deseo de manera m\u00e1s bien man\u00edaco-depresivamente, como record\u00f3 V. Leblanc-Ro\u00efc en referencia a \u201c<\/span><em><span class=\"tm12\">El atolondradicho<\/span><\/em><span class=\"tm11\">\u201d, es porque su posici\u00f3n fundamental concierne al objeto de la falta que Lacan index\u00f3 como peque\u00f1o <\/span><em><span class=\"tm12\">a<\/span><\/em><span class=\"tm11\">. Objeto que causa el deseo cuando falta, pero que puede precipitar al sujeto a identificarse con \u00e9l cuando no es extra\u00eddo, dejando entonces al sujeto entregado a la pulsi\u00f3n de muerte.<\/span><\/p>\n<p class=\"tm9\"><span class=\"tm11\">En esta edici\u00f3n del blog en direcci\u00f3n a PIPOL 12, Katty Langelez-Stevens se\u00f1ala precisamente que la tendencia contempor\u00e1nea de la familia es reducirse cada vez m\u00e1s al n\u00facleo que representa el propio ni\u00f1o. \u00a1Es el ni\u00f1o-objeto <\/span><em><span class=\"tm12\">plus de gozar<\/span><\/em><span class=\"tm11\"> quien funda la familia y no al rev\u00e9s! Pero lo esencial para Lacan reside en la funci\u00f3n de residuo de la familia que, articulada a un deseo, podr\u00e1 ser la \u00fanica en transmitir lo que constituir\u00e1 las coordenadas subjetivas de ese ni\u00f1o. Pero, \u00bfqu\u00e9 ocurre con esta funci\u00f3n de residuo en la era del neoliberalismo desatado? Es a eso a lo que responden los dem\u00e1s textos de esta entrega, cada uno a su manera, mostrando c\u00f3mo el psicoan\u00e1lisis hace del malestar en la familia un punto de articulaci\u00f3n que relanza el circuito de la palabra, e incluso de la escritura.<\/span><\/p>\n<p class=\"tm9\"><span class=\"tm11\">As\u00ed, Laurence Maman muestra, a partir de la obra de Laure Murat sobre Proust, que se trata menos de separarse de la familia que de separarse de la parte tomada en el goce familiar. Al leer a Proust, la autora percibe su implicaci\u00f3n en lo que fue su prisi\u00f3n aristocr\u00e1tica, que impon\u00eda hablar para no decir nada con el fin de mantener el goce en lo no-dicho.<\/span><\/p>\n<p class=\"tm9\"><span class=\"tm11\">Hay un desgarro secreto de la fa(m)ilia, una falla, por tanto, que Emmanuelle Chaminand Edelstein se\u00f1ala en el trabajo de Blandine Rinkel, quien descubre en s\u00ed un deseo de otro lugar para salir del silencio mort\u00edfero de lo familiar. \u00c9ste, bajo una aparente tranquilidad, provoca un sentimiento de extra\u00f1eza que nos indica que, al acercarse a lo \u00edntimo, lo <\/span><em><span class=\"tm12\">\u00e9xtimo<\/span><\/em><span class=\"tm11\"> nunca est\u00e1 lejos.<\/span><\/p>\n<p class=\"tm9\"><span class=\"tm11\"><a id=\"aheading_h_cps80x9573rq\"><\/a>Si el hombre est\u00e1 as\u00ed prisionero del lenguaje, como recuerda Xavier Gommichon, hoy nadamos en el <\/span><em><span class=\"tm12\">globish <\/span><\/em><span class=\"tm11\">\u2013del que son aficionados los autistas\u2013 una nueva <\/span><em><span class=\"tm12\">lalangue <\/span><\/em><span class=\"tm11\">globalizada que acompa\u00f1a ahora a la familia mundializada, tomada entre el flujo migratorio y el flujo de datos. En este doble flujo, los referentes de la transmisi\u00f3n se encuentran profundamente desdibujados, requiriendo una elucidaci\u00f3n paciente por parte del psicoanalista. Es as\u00ed como el psicoan\u00e1lisis en la instituci\u00f3n busca incluir a las familias en el campo de la pr\u00e1ctica entre varios, que supone una posici\u00f3n donde cada uno se encuentra descompletado, como lo argumenta Jean-Philippe Cornet al subrayar que este trabajo busca aflojar la captura fantasm\u00e1tica para producir un nuevo lazo.<\/span><\/p>\n<p class=\"tm9\"><span class=\"tm11\">As\u00ed, el individualismo tir\u00e1nico, que hoy compite con el totalitarismo de la multitud, desemboca en un cierto quiebre de la familia como discurso. Es lo que analiza Graciela Schnitzer, quien se pregunta qu\u00e9 podr\u00eda venir a atemperar el goce del Uno. Una vez m\u00e1s, se trata de reintroducir al sujeto errante en el circuito de la palabra verdadera, haciendo lugar al malestar y a lo incurable.<\/span><\/p>\n<p class=\"Normal\"><span class=\"tm11\">\u00a0<\/span><\/p>\n<p class=\"Normal\"><span class=\"tm11\">Traducci\u00f3n: Fernando Gabriel CENTENO<\/span><\/p>\n<p class=\"tm9\"><span class=\"tm11\">Relectura: Cristopher <\/span><span class=\"tm13\">TAPIA CH\u00c1VEZ<a id=\"aGoBack\"><\/a><\/span><\/p>\n<p class=\"Normal\">\n<\/div>","protected":false},"excerpt":{"rendered":"<p>La asociaci\u00f3n de la Causa Freudiana en B\u00e9lgica se reuni\u00f3 el pasado fin de semana para su Asamblea General en un local lleno y alegremente animado por nuestra presidenta C\u00e9line Poblome-Aulit, para escuchar, entre otros, a Virginie Leblanc-Ro\u00efc ense\u00f1arnos sobre la psicosis man\u00edaco-depresiva. \u00a1El entusiasmo l\u00facido que reinaba en el lugar da cuenta de cu\u00e1nto [&hellip;]<\/p>\n","protected":false},"author":3,"featured_media":8597,"comment_status":"closed","ping_status":"closed","sticky":false,"template":"","format":"standard","meta":[],"categories":[554],"tags":[],"yoast_head":"<!-- This site is optimized with the Yoast SEO plugin v15.5 - https:\/\/yoast.com\/wordpress\/plugins\/seo\/ -->\n<title>Dar lugar al malestar - Dominique Holvoet - Pipol Congr\u00e8s<\/title>\n<meta name=\"robots\" content=\"index, follow, max-snippet:-1, max-image-preview:large, max-video-preview:-1\" \/>\n<link rel=\"canonical\" href=\"https:\/\/www.pipolcongres.eu\/es\/2025\/06\/05\/dar-lugar-al-malestar-dominique-holvoet\/\" \/>\n<meta property=\"og:locale\" content=\"es_ES\" \/>\n<meta property=\"og:type\" content=\"article\" \/>\n<meta property=\"og:title\" content=\"Dar lugar al malestar - Dominique Holvoet - Pipol Congr\u00e8s\" \/>\n<meta property=\"og:description\" content=\"La asociaci\u00f3n de la Causa Freudiana en B\u00e9lgica se reuni\u00f3 el pasado fin de semana para su Asamblea General en un local lleno y alegremente animado por nuestra presidenta C\u00e9line Poblome-Aulit, para escuchar, entre otros, a Virginie Leblanc-Ro\u00efc ense\u00f1arnos sobre la psicosis man\u00edaco-depresiva. \u00a1El entusiasmo l\u00facido que reinaba en el lugar da cuenta de cu\u00e1nto [&hellip;]\" \/>\n<meta property=\"og:url\" content=\"https:\/\/www.pipolcongres.eu\/es\/2025\/06\/05\/dar-lugar-al-malestar-dominique-holvoet\/\" \/>\n<meta property=\"og:site_name\" content=\"Pipol Congr\u00e8s\" \/>\n<meta property=\"article:publisher\" content=\"https:\/\/www.facebook.com\/share\/12D7tEQ44kL\/?mibextid=LQQJ4d\" \/>\n<meta property=\"article:published_time\" content=\"2025-06-05T16:53:53+00:00\" \/>\n<meta property=\"article:modified_time\" content=\"2025-06-05T20:16:34+00:00\" \/>\n<meta property=\"og:image\" content=\"https:\/\/www.pipolcongres.eu\/wp-content\/uploads\/2025\/06\/Blog18..jpeg\" \/>\n\t<meta property=\"og:image:width\" content=\"747\" \/>\n\t<meta property=\"og:image:height\" content=\"376\" \/>\n<meta name=\"twitter:card\" content=\"summary_large_image\" \/>\n<meta name=\"twitter:label1\" content=\"Tiempo de lectura\">\n\t<meta name=\"twitter:data1\" content=\"3 minutos\">\n<script type=\"application\/ld+json\" class=\"yoast-schema-graph\">{\"@context\":\"https:\/\/schema.org\",\"@graph\":[{\"@type\":\"WebSite\",\"@id\":\"https:\/\/www.pipolcongres.eu\/es\/#website\",\"url\":\"https:\/\/www.pipolcongres.eu\/es\/\",\"name\":\"Pipol Congr\\u00e8s\",\"description\":\"\",\"potentialAction\":[{\"@type\":\"SearchAction\",\"target\":\"https:\/\/www.pipolcongres.eu\/es\/?s={search_term_string}\",\"query-input\":\"required name=search_term_string\"}],\"inLanguage\":\"es\"},{\"@type\":\"ImageObject\",\"@id\":\"https:\/\/www.pipolcongres.eu\/es\/2025\/06\/05\/dar-lugar-al-malestar-dominique-holvoet\/#primaryimage\",\"inLanguage\":\"es\",\"url\":\"https:\/\/www.pipolcongres.eu\/wp-content\/uploads\/2025\/06\/Blog18..jpeg\",\"width\":747,\"height\":376},{\"@type\":\"WebPage\",\"@id\":\"https:\/\/www.pipolcongres.eu\/es\/2025\/06\/05\/dar-lugar-al-malestar-dominique-holvoet\/#webpage\",\"url\":\"https:\/\/www.pipolcongres.eu\/es\/2025\/06\/05\/dar-lugar-al-malestar-dominique-holvoet\/\",\"name\":\"Dar lugar al malestar - Dominique Holvoet - Pipol Congr\\u00e8s\",\"isPartOf\":{\"@id\":\"https:\/\/www.pipolcongres.eu\/es\/#website\"},\"primaryImageOfPage\":{\"@id\":\"https:\/\/www.pipolcongres.eu\/es\/2025\/06\/05\/dar-lugar-al-malestar-dominique-holvoet\/#primaryimage\"},\"datePublished\":\"2025-06-05T16:53:53+00:00\",\"dateModified\":\"2025-06-05T20:16:34+00:00\",\"author\":{\"@id\":\"https:\/\/www.pipolcongres.eu\/es\/#\/schema\/person\/f8cb217f45103fcb436f14acee2b5b9b\"},\"inLanguage\":\"es\",\"potentialAction\":[{\"@type\":\"ReadAction\",\"target\":[\"https:\/\/www.pipolcongres.eu\/es\/2025\/06\/05\/dar-lugar-al-malestar-dominique-holvoet\/\"]}]},{\"@type\":\"Person\",\"@id\":\"https:\/\/www.pipolcongres.eu\/es\/#\/schema\/person\/f8cb217f45103fcb436f14acee2b5b9b\",\"name\":\"PIPOL TEAM\",\"image\":{\"@type\":\"ImageObject\",\"@id\":\"https:\/\/www.pipolcongres.eu\/es\/#personlogo\",\"inLanguage\":\"es\",\"url\":\"https:\/\/secure.gravatar.com\/avatar\/b98e815813af2d80d5c2073a926d2dd2?s=96&d=mm&r=g\",\"caption\":\"PIPOL TEAM\"}}]}<\/script>\n<!-- \/ Yoast SEO plugin. -->","_links":{"self":[{"href":"https:\/\/www.pipolcongres.eu\/es\/wp-json\/wp\/v2\/posts\/8603"}],"collection":[{"href":"https:\/\/www.pipolcongres.eu\/es\/wp-json\/wp\/v2\/posts"}],"about":[{"href":"https:\/\/www.pipolcongres.eu\/es\/wp-json\/wp\/v2\/types\/post"}],"author":[{"embeddable":true,"href":"https:\/\/www.pipolcongres.eu\/es\/wp-json\/wp\/v2\/users\/3"}],"replies":[{"embeddable":true,"href":"https:\/\/www.pipolcongres.eu\/es\/wp-json\/wp\/v2\/comments?post=8603"}],"version-history":[{"count":3,"href":"https:\/\/www.pipolcongres.eu\/es\/wp-json\/wp\/v2\/posts\/8603\/revisions"}],"predecessor-version":[{"id":8673,"href":"https:\/\/www.pipolcongres.eu\/es\/wp-json\/wp\/v2\/posts\/8603\/revisions\/8673"}],"wp:featuredmedia":[{"embeddable":true,"href":"https:\/\/www.pipolcongres.eu\/es\/wp-json\/wp\/v2\/media\/8597"}],"wp:attachment":[{"href":"https:\/\/www.pipolcongres.eu\/es\/wp-json\/wp\/v2\/media?parent=8603"}],"wp:term":[{"taxonomy":"category","embeddable":true,"href":"https:\/\/www.pipolcongres.eu\/es\/wp-json\/wp\/v2\/categories?post=8603"},{"taxonomy":"post_tag","embeddable":true,"href":"https:\/\/www.pipolcongres.eu\/es\/wp-json\/wp\/v2\/tags?post=8603"}],"curies":[{"name":"wp","href":"https:\/\/api.w.org\/{rel}","templated":true}]}}